{"id":1413,"date":"2026-03-03T13:29:14","date_gmt":"2026-03-03T12:29:14","guid":{"rendered":"https:\/\/cuc.carnet.hr\/2026\/?p=1413"},"modified":"2026-03-03T13:34:10","modified_gmt":"2026-03-03T12:34:10","slug":"vidimo-se-u-rovinju","status":"publish","type":"post","link":"https:\/\/cuc.carnet.hr\/2026\/vidimo-se-u-rovinju\/","title":{"rendered":"Vidimo se u Rovinju!"},"content":{"rendered":"\t\t<div data-elementor-type=\"wp-post\" data-elementor-id=\"1413\" class=\"elementor elementor-1413\" data-elementor-post-type=\"post\">\n\t\t\t\t<div class=\"elementor-element elementor-element-ed8853f e-flex e-con-boxed e-con e-parent\" data-id=\"ed8853f\" data-element_type=\"container\">\n\t\t\t\t\t<div class=\"e-con-inner\">\n\t\t\t\t<div class=\"elementor-element elementor-element-399f2ab elementor-widget elementor-widget-text-editor\" data-id=\"399f2ab\" data-element_type=\"widget\" data-widget_type=\"text-editor.default\">\n\t\t\t\t<div class=\"elementor-widget-container\">\n\t\t\t\t\t\t\t\t\t<p>Znamo da ste ovu objavu \u010dekali najdu\u017ee.<\/p><p>Lokacija CUC-a uvijek izazove najvi\u0161e pitanja, naga\u0111anja i poruka, zato nam je posebno drago \u0161to je napokon mo\u017eemo podijeliti s vama.<\/p><p>CUC 2026 odr\u017eat \u0107e se u Rovinju, od 15. do 17. travnja 2026.<\/p><p>Rovinj je ve\u0107 nekoliko puta bio doma\u0107in CUC-a i svaki put se pokazao kao mjesto koje pru\u017ea idealan prostor za otvorene i kvalitetne rasprave o obrazovanju i tehnologiji. Okru\u017eenje koje poti\u010de razmjenu iskustava, suradnju i nove ideje jo\u0161 je jednom postalo dio na\u0161e konferencijske pri\u010de.<\/p><p>Ovogodi\u0161nji CUC: \u201eAI bez iluzija\u201c donosi tri dana predavanja, radionica i razgovora o stvarnim mogu\u0107nostima i izazovima umjetne inteligencije u obrazovanju i \u0161irem dru\u0161tvenom kontekstu.<\/p><p>Veselimo se ponovnom susretu u Rovinju.<\/p>\t\t\t\t\t\t\t\t<\/div>\n\t\t\t\t<\/div>\n\t\t\t\t\t<\/div>\n\t\t\t\t<\/div>\n\t\t\t\t<\/div>\n\t\t","protected":false},"excerpt":{"rendered":"<p>Znamo da ste ovu objavu \u010dekali najdu\u017ee. Lokacija CUC-a uvijek izazove najvi\u0161e pitanja, naga\u0111anja i poruka, zato nam je posebno drago \u0161to je napokon mo\u017eemo podijeliti s vama. CUC 2026 odr\u017eat \u0107e se u Rovinju, od 15. do 17. travnja 2026. Rovinj je ve\u0107 nekoliko puta bio doma\u0107in CUC-a i svaki put se pokazao kao [&hellip;]<\/p>\n","protected":false},"author":2,"featured_media":1414,"comment_status":"closed","ping_status":"closed","sticky":false,"template":"","format":"standard","meta":{"footnotes":""},"categories":[8],"tags":[],"class_list":["post-1413","post","type-post","status-publish","format-standard","has-post-thumbnail","hentry","category-novosti"],"_links":{"self":[{"href":"https:\/\/cuc.carnet.hr\/2026\/wp-json\/wp\/v2\/posts\/1413","targetHints":{"allow":["GET"]}}],"collection":[{"href":"https:\/\/cuc.carnet.hr\/2026\/wp-json\/wp\/v2\/posts"}],"about":[{"href":"https:\/\/cuc.carnet.hr\/2026\/wp-json\/wp\/v2\/types\/post"}],"author":[{"embeddable":true,"href":"https:\/\/cuc.carnet.hr\/2026\/wp-json\/wp\/v2\/users\/2"}],"replies":[{"embeddable":true,"href":"https:\/\/cuc.carnet.hr\/2026\/wp-json\/wp\/v2\/comments?post=1413"}],"version-history":[{"count":7,"href":"https:\/\/cuc.carnet.hr\/2026\/wp-json\/wp\/v2\/posts\/1413\/revisions"}],"predecessor-version":[{"id":1421,"href":"https:\/\/cuc.carnet.hr\/2026\/wp-json\/wp\/v2\/posts\/1413\/revisions\/1421"}],"wp:featuredmedia":[{"embeddable":true,"href":"https:\/\/cuc.carnet.hr\/2026\/wp-json\/wp\/v2\/media\/1414"}],"wp:attachment":[{"href":"https:\/\/cuc.carnet.hr\/2026\/wp-json\/wp\/v2\/media?parent=1413"}],"wp:term":[{"taxonomy":"category","embeddable":true,"href":"https:\/\/cuc.carnet.hr\/2026\/wp-json\/wp\/v2\/categories?post=1413"},{"taxonomy":"post_tag","embeddable":true,"href":"https:\/\/cuc.carnet.hr\/2026\/wp-json\/wp\/v2\/tags?post=1413"}],"curies":[{"name":"wp","href":"https:\/\/api.w.org\/{rel}","templated":true}]}}