{"id":1406,"date":"2026-02-26T08:46:31","date_gmt":"2026-02-26T07:46:31","guid":{"rendered":"https:\/\/cuc.carnet.hr\/2026\/?p=1406"},"modified":"2026-02-26T09:05:10","modified_gmt":"2026-02-26T08:05:10","slug":"pristiglo-je-vise-od-200-radova","status":"publish","type":"post","link":"https:\/\/cuc.carnet.hr\/2026\/pristiglo-je-vise-od-200-radova\/","title":{"rendered":"Pristiglo je vi\u0161e od 200 radova"},"content":{"rendered":"\t\t<div data-elementor-type=\"wp-post\" data-elementor-id=\"1406\" class=\"elementor elementor-1406\" data-elementor-post-type=\"post\">\n\t\t\t\t<div class=\"elementor-element elementor-element-4f17b64 e-flex e-con-boxed e-con e-parent\" data-id=\"4f17b64\" data-element_type=\"container\">\n\t\t\t\t\t<div class=\"e-con-inner\">\n\t\t\t\t<div class=\"elementor-element elementor-element-053216d elementor-widget elementor-widget-text-editor\" data-id=\"053216d\" data-element_type=\"widget\" data-widget_type=\"text-editor.default\">\n\t\t\t\t<div class=\"elementor-widget-container\">\n\t\t\t\t\t\t\t\t\t<p data-start=\"91\" data-end=\"185\">Za ovogodi\u0161nji CUC 2026: AI bez iluzije, koji \u0107e se odr\u017eati od 15. do 17. travnja 2026., zaprimili smo vi\u0161e od 200 radova.<\/p><p data-start=\"91\" data-end=\"185\">\u00a0<\/p><p data-start=\"187\" data-end=\"521\">Zahvaljujemo svim autoricama i autorima na iskazanom interesu, ulo\u017eenom trudu i kontinuiranom doprinosu CUC programu. Velik broj prijava potvr\u0111uje da je CUC i dalje sredi\u0161nje mjesto susreta obrazovne i tehnolo\u0161ke zajednice te prostor u kojem se razmjenjuju iskustva, otvaraju pitanja i predstavljaju konkretne prakse iz sustava.<\/p><p data-start=\"523\" data-end=\"731\">\u00a0<\/p><p data-start=\"523\" data-end=\"731\">U tijeku je recenzijski postupak u kojem \u0107e Programski odbor evaluirati pristigle radove. Rezultati recenzija bit \u0107e objavljeni sredinom o\u017eujka 2026. godine, o \u010demu \u0107e svi autori biti pravodobno obavije\u0161teni.<\/p><p data-start=\"733\" data-end=\"853\">Svim autoricama i autorima \u017eelimo puno uspjeha u recenzijskom postupku te se veselimo objavi programa konferencije CUC 2026.<\/p>\t\t\t\t\t\t\t\t<\/div>\n\t\t\t\t<\/div>\n\t\t\t\t\t<\/div>\n\t\t\t\t<\/div>\n\t\t\t\t<\/div>\n\t\t","protected":false},"excerpt":{"rendered":"<p>Za ovogodi\u0161nji CUC 2026: AI bez iluzije, koji \u0107e se odr\u017eati od 15. do 17. travnja 2026., zaprimili smo vi\u0161e od 200 radova. \u00a0 Zahvaljujemo svim autoricama i autorima na iskazanom interesu, ulo\u017eenom trudu i kontinuiranom doprinosu CUC programu. Velik broj prijava potvr\u0111uje da je CUC i dalje sredi\u0161nje mjesto susreta obrazovne i tehnolo\u0161ke zajednice [&hellip;]<\/p>\n","protected":false},"author":2,"featured_media":1408,"comment_status":"closed","ping_status":"closed","sticky":false,"template":"","format":"standard","meta":{"footnotes":""},"categories":[8],"tags":[],"class_list":["post-1406","post","type-post","status-publish","format-standard","has-post-thumbnail","hentry","category-novosti"],"_links":{"self":[{"href":"https:\/\/cuc.carnet.hr\/2026\/wp-json\/wp\/v2\/posts\/1406","targetHints":{"allow":["GET"]}}],"collection":[{"href":"https:\/\/cuc.carnet.hr\/2026\/wp-json\/wp\/v2\/posts"}],"about":[{"href":"https:\/\/cuc.carnet.hr\/2026\/wp-json\/wp\/v2\/types\/post"}],"author":[{"embeddable":true,"href":"https:\/\/cuc.carnet.hr\/2026\/wp-json\/wp\/v2\/users\/2"}],"replies":[{"embeddable":true,"href":"https:\/\/cuc.carnet.hr\/2026\/wp-json\/wp\/v2\/comments?post=1406"}],"version-history":[{"count":5,"href":"https:\/\/cuc.carnet.hr\/2026\/wp-json\/wp\/v2\/posts\/1406\/revisions"}],"predecessor-version":[{"id":1412,"href":"https:\/\/cuc.carnet.hr\/2026\/wp-json\/wp\/v2\/posts\/1406\/revisions\/1412"}],"wp:featuredmedia":[{"embeddable":true,"href":"https:\/\/cuc.carnet.hr\/2026\/wp-json\/wp\/v2\/media\/1408"}],"wp:attachment":[{"href":"https:\/\/cuc.carnet.hr\/2026\/wp-json\/wp\/v2\/media?parent=1406"}],"wp:term":[{"taxonomy":"category","embeddable":true,"href":"https:\/\/cuc.carnet.hr\/2026\/wp-json\/wp\/v2\/categories?post=1406"},{"taxonomy":"post_tag","embeddable":true,"href":"https:\/\/cuc.carnet.hr\/2026\/wp-json\/wp\/v2\/tags?post=1406"}],"curies":[{"name":"wp","href":"https:\/\/api.w.org\/{rel}","templated":true}]}}