{"id":568,"date":"2025-01-09T14:10:51","date_gmt":"2025-01-09T13:10:51","guid":{"rendered":"https:\/\/cuc.carnet.hr\/2025\/?p=568"},"modified":"2025-01-09T15:01:51","modified_gmt":"2025-01-09T14:01:51","slug":"jos-10-dana-za-prijavu-radova","status":"publish","type":"post","link":"https:\/\/cuc.carnet.hr\/2025\/jos-10-dana-za-prijavu-radova\/","title":{"rendered":"Jo\u0161 10 dana za prijavu radova"},"content":{"rendered":"\t\t<div data-elementor-type=\"wp-post\" data-elementor-id=\"568\" class=\"elementor elementor-568\" data-elementor-post-type=\"post\">\n\t\t\t\t<div class=\"elementor-element elementor-element-4688ecc6 e-flex e-con-boxed e-con e-parent\" data-id=\"4688ecc6\" data-element_type=\"container\">\n\t\t\t\t\t<div class=\"e-con-inner\">\n\t\t\t\t<div class=\"elementor-element elementor-element-6121f337 elementor-widget elementor-widget-text-editor\" data-id=\"6121f337\" data-element_type=\"widget\" data-widget_type=\"text-editor.default\">\n\t\t\t\t<div class=\"elementor-widget-container\">\n\t\t\t\t\t\t\t\t\t<p>Vrijeme leti, a rok za prijavu radova na &#8220;CUC 2025: Od inspiracije do akcije&#8221; sve je bli\u017ee.<\/p>\n<p><!-- \/wp:paragraph --><\/p>\n<p><!-- wp:paragraph --><\/p>\n<p>Ako jo\u0161 niste prijavili svoj rad, sada je vrijeme da &#8220;zasu\u010dete rukave&#8221; i krenete s pripremama.\u00a0<\/p>\n<p><!-- \/wp:paragraph --><\/p>\n<p><!-- wp:paragraph --><\/p>\n<p><strong>Napomena za prijavu interaktivnih izlaganja i radionica:<\/strong><\/p>\n<p><!-- \/wp:paragraph --><\/p>\n<p><!-- wp:paragraph --><\/p>\n<p>Ne zaboravite u\u010ditati kostur svoje prezentacije! Na taj na\u010din \u0107e Programski odbor imati bolji uvid u izgled va\u0161e prezentacije, relevantnost teme i njezin doprinos konferenciji. Ako va\u0161 rad bude prihva\u0107en, imat \u0107ete priliku urediti prezentaciju i ponovno je u\u010ditati do roka koji \u0107emo naknadno objaviti.<\/p>\n<p><!-- \/wp:paragraph --><\/p>\n<p><!-- wp:paragraph --><\/p>\n<p>Rok za prijave radova: 19. 1. 2025.<\/p>\n<p><!-- \/wp:paragraph --><\/p>\n<p><!-- wp:paragraph --><\/p>\n<p>Sve druge informacije prona\u0111ite na stranici <a href=\"https:\/\/cuc.carnet.hr\/2025\/poziv-za-radove\/\">Poziv za radove.<\/a><\/p>\n<p><!-- \/wp:paragraph --><\/p>\n<p><!-- wp:paragraph --><\/p>\n<p><!-- \/wp:paragraph --><\/p>\n<p><!-- wp:paragraph --><\/p>\n<p><!-- \/wp:paragraph --><\/p>\t\t\t\t\t\t\t\t<\/div>\n\t\t\t\t<\/div>\n\t\t\t\t\t<\/div>\n\t\t\t\t<\/div>\n\t\t\t\t<\/div>\n\t\t","protected":false},"excerpt":{"rendered":"<p>Vrijeme leti, a rok za prijavu radova na &#8220;CUC 2025: Od inspiracije do akcije&#8221; sve je bli\u017ee. Ako jo\u0161 niste prijavili svoj rad, sada je vrijeme da &#8220;zasu\u010dete rukave&#8221; i krenete s pripremama.\u00a0 Napomena za prijavu interaktivnih izlaganja i radionica: Ne zaboravite u\u010ditati kostur svoje prezentacije! Na taj na\u010din \u0107e Programski odbor imati bolji uvid [&hellip;]<\/p>\n","protected":false},"author":3,"featured_media":284,"comment_status":"closed","ping_status":"closed","sticky":false,"template":"","format":"standard","meta":{"footnotes":""},"categories":[8],"tags":[],"class_list":["post-568","post","type-post","status-publish","format-standard","has-post-thumbnail","hentry","category-novosti"],"_links":{"self":[{"href":"https:\/\/cuc.carnet.hr\/2025\/wp-json\/wp\/v2\/posts\/568","targetHints":{"allow":["GET"]}}],"collection":[{"href":"https:\/\/cuc.carnet.hr\/2025\/wp-json\/wp\/v2\/posts"}],"about":[{"href":"https:\/\/cuc.carnet.hr\/2025\/wp-json\/wp\/v2\/types\/post"}],"author":[{"embeddable":true,"href":"https:\/\/cuc.carnet.hr\/2025\/wp-json\/wp\/v2\/users\/3"}],"replies":[{"embeddable":true,"href":"https:\/\/cuc.carnet.hr\/2025\/wp-json\/wp\/v2\/comments?post=568"}],"version-history":[{"count":10,"href":"https:\/\/cuc.carnet.hr\/2025\/wp-json\/wp\/v2\/posts\/568\/revisions"}],"predecessor-version":[{"id":580,"href":"https:\/\/cuc.carnet.hr\/2025\/wp-json\/wp\/v2\/posts\/568\/revisions\/580"}],"wp:featuredmedia":[{"embeddable":true,"href":"https:\/\/cuc.carnet.hr\/2025\/wp-json\/wp\/v2\/media\/284"}],"wp:attachment":[{"href":"https:\/\/cuc.carnet.hr\/2025\/wp-json\/wp\/v2\/media?parent=568"}],"wp:term":[{"taxonomy":"category","embeddable":true,"href":"https:\/\/cuc.carnet.hr\/2025\/wp-json\/wp\/v2\/categories?post=568"},{"taxonomy":"post_tag","embeddable":true,"href":"https:\/\/cuc.carnet.hr\/2025\/wp-json\/wp\/v2\/tags?post=568"}],"curies":[{"name":"wp","href":"https:\/\/api.w.org\/{rel}","templated":true}]}}